{"id":1304,"date":"2026-03-11T12:20:46","date_gmt":"2026-03-11T12:20:46","guid":{"rendered":"https:\/\/srceinfo.rs\/?p=1304"},"modified":"2026-03-11T12:23:07","modified_gmt":"2026-03-11T12:23:07","slug":"specijalna-projekcija-filma-sportsko-srce-uz-gostovanje-glumacke-ekipe-u-cineplexx-nis-bioskopu-petak-13-mart-od-19-30-casova","status":"publish","type":"post","link":"https:\/\/srceinfo.rs\/?p=1304","title":{"rendered":"Specijalna projekcija filma \u201eSportsko srce\u201c uz gostovanje gluma\u010dke ekipe u Cineplexx Ni\u0161 bioskopu.\u00a0Petak, 13, mart od 19.30 \u010dasova"},"content":{"rendered":"\n<p>\u00a0<strong>U petak, 13. marta u 19.30 \u010dasova, u bioskopu Cineplexx u Ni\u0161u bi\u0107e odr\u017eana specijalna projekcija filma \u201eSportsko srce\u201c, uz prisustvo gluma\u010dke ekipe koja \u0107e se nakon projekcije predstaviti publici.<\/strong><\/p>\n\n\n\n<figure class=\"wp-block-image size-large\"><a href=\"https:\/\/www.cineplexx.rs\/film?category=now&amp;location=all&amp;date=2026-03-11\"><img fetchpriority=\"high\" decoding=\"async\" width=\"819\" height=\"1024\" src=\"https:\/\/srceinfo.rs\/wp-content\/uploads\/2026\/03\/Cineplexx-Nis-bioskop-2-819x1024.jpg\" alt=\"\" class=\"wp-image-1305\" srcset=\"https:\/\/srceinfo.rs\/wp-content\/uploads\/2026\/03\/Cineplexx-Nis-bioskop-2-819x1024.jpg 819w, https:\/\/srceinfo.rs\/wp-content\/uploads\/2026\/03\/Cineplexx-Nis-bioskop-2-240x300.jpg 240w, https:\/\/srceinfo.rs\/wp-content\/uploads\/2026\/03\/Cineplexx-Nis-bioskop-2-768x960.jpg 768w, https:\/\/srceinfo.rs\/wp-content\/uploads\/2026\/03\/Cineplexx-Nis-bioskop-2.jpg 1080w\" sizes=\"(max-width: 819px) 100vw, 819px\" \/><\/a><\/figure>\n\n\n\n<p><strong> \u00a0<\/strong><\/p>\n\n\n\n<p>Publika \u0107e ima\u0107e priliku da me\u0111u prvima pogleda ovu emotivnu komedija o sudaru dva nespojiva sveta kroz generacijski jaz i duboko ukorenjene predrasude, kada mlada Maja odlu\u010di da spoji svog verenika, sofisticiranog Beogra\u0111anina Pavla, sa svojim ocem Macurom, harizmati\u010dnim vlasnikom zemunske pe\u010denjare. Dok Maja poku\u0161ava da \u201eugladi\u201c oca za sudbonosni porodi\u010dni ru\u010dak, a Pavle balansira izme\u0111u ljubavi i uticaja svoje dominantne majke, na povr\u0161inu izbijaju generacijski jaz i duboko ukorenjene predrasude. Kroz niz komi\u010dnih nesporazuma, ova pri\u010da nas podse\u0107a da su iskrenost i prihvatanje jedini put ka zajedni\u010dkoj budu\u0107nosti, ma koliko razli\u010diti bili na\u0161i koreni.<\/p>\n\n\n\n<p><strong>Pozivamo sve ljubitelje filma da nam se pridru\u017ee na ovoj posebnoj ve\u010deri posve\u0107enoj doma\u0107oj kinematografiji i da zajedno sa gluma\u010dkom ekipom proslave film na velikom platnu.<\/strong><\/p>\n\n\n\n<p><strong>Trejler filma:\u00a0<\/strong> <\/p>\n\n\n\n<figure class=\"wp-block-embed is-type-video is-provider-youtube wp-block-embed-youtube wp-embed-aspect-16-9 wp-has-aspect-ratio\"><div class=\"wp-block-embed__wrapper\">\n<iframe title=\"SPORTSKO SRCE - ZVANI\u010cNI TREJLER\" width=\"640\" height=\"360\" src=\"https:\/\/www.youtube.com\/embed\/tgV6t0fypM8?feature=oembed\" frameborder=\"0\" allow=\"accelerometer; autoplay; clipboard-write; encrypted-media; gyroscope; picture-in-picture; web-share\" referrerpolicy=\"strict-origin-when-cross-origin\" allowfullscreen><\/iframe>\n<\/div><\/figure>\n\n\n\n<p><strong>Ulaznice su uveliko u prodaji na blagajni bioskopa i putem sajta i aplikacije CineplexxRS.<\/strong><\/p>\n\n\n\n<p><\/p>\n","protected":false},"excerpt":{"rendered":"<p>\u00a0U petak, 13. marta u 19.30 \u010dasova, u bioskopu Cineplexx u Ni\u0161u bi\u0107e odr\u017eana specijalna projekcija filma \u201eSportsko srce\u201c, uz prisustvo gluma\u010dke ekipe koja \u0107e se nakon projekcije predstaviti publici. \u00a0 Publika \u0107e ima\u0107e priliku da me\u0111u prvima pogleda ovu emotivnu komedija o sudaru dva nespojiva sveta kroz generacijski jaz [&hellip;]<\/p>\n","protected":false},"author":1,"featured_media":1305,"comment_status":"open","ping_status":"open","sticky":false,"template":"","format":"standard","meta":{"footnotes":""},"categories":[1],"tags":[],"class_list":["post-1304","post","type-post","status-publish","format-standard","has-post-thumbnail","hentry","category-uncategorized"],"yoast_head":"<!-- This site is optimized with the Yoast SEO plugin v27.0 - https:\/\/yoast.com\/product\/yoast-seo-wordpress\/ -->\n<title>Specijalna projekcija filma \u201eSportsko srce\u201c uz gostovanje gluma\u010dke ekipe u Cineplexx Ni\u0161 bioskopu.\u00a0Petak, 13, mart od 19.30 \u010dasova - Srce info<\/title>\n<meta name=\"robots\" content=\"index, follow, max-snippet:-1, max-image-preview:large, max-video-preview:-1\" \/>\n<link rel=\"canonical\" href=\"https:\/\/srceinfo.rs\/?p=1304\" \/>\n<meta property=\"og:locale\" content=\"en_US\" \/>\n<meta property=\"og:type\" content=\"article\" \/>\n<meta property=\"og:title\" content=\"Specijalna projekcija filma \u201eSportsko srce\u201c uz gostovanje gluma\u010dke ekipe u Cineplexx Ni\u0161 bioskopu.\u00a0Petak, 13, mart od 19.30 \u010dasova - Srce info\" \/>\n<meta property=\"og:description\" content=\"\u00a0U petak, 13. marta u 19.30 \u010dasova, u bioskopu Cineplexx u Ni\u0161u bi\u0107e odr\u017eana specijalna projekcija filma \u201eSportsko srce\u201c, uz prisustvo gluma\u010dke ekipe koja \u0107e se nakon projekcije predstaviti publici. \u00a0 Publika \u0107e ima\u0107e priliku da me\u0111u prvima pogleda ovu emotivnu komedija o sudaru dva nespojiva sveta kroz generacijski jaz [&hellip;]\" \/>\n<meta property=\"og:url\" content=\"https:\/\/srceinfo.rs\/?p=1304\" \/>\n<meta property=\"og:site_name\" content=\"Srce info\" \/>\n<meta property=\"article:published_time\" content=\"2026-03-11T12:20:46+00:00\" \/>\n<meta property=\"article:modified_time\" content=\"2026-03-11T12:23:07+00:00\" \/>\n<meta property=\"og:image\" content=\"https:\/\/srceinfo.rs\/wp-content\/uploads\/2026\/03\/Cineplexx-Nis-bioskop-2.jpg\" \/>\n\t<meta property=\"og:image:width\" content=\"1080\" \/>\n\t<meta property=\"og:image:height\" content=\"1350\" \/>\n\t<meta property=\"og:image:type\" content=\"image\/jpeg\" \/>\n<meta name=\"author\" content=\"radiosrce\" \/>\n<meta name=\"twitter:card\" content=\"summary_large_image\" \/>\n<meta name=\"twitter:label1\" content=\"Written by\" \/>\n\t<meta name=\"twitter:data1\" content=\"radiosrce\" \/>\n\t<meta name=\"twitter:label2\" content=\"Est. reading time\" \/>\n\t<meta name=\"twitter:data2\" content=\"2 minutes\" \/>\n<script type=\"application\/ld+json\" class=\"yoast-schema-graph\">{\"@context\":\"https:\/\/schema.org\",\"@graph\":[{\"@type\":\"Article\",\"@id\":\"https:\/\/srceinfo.rs\/?p=1304#article\",\"isPartOf\":{\"@id\":\"https:\/\/srceinfo.rs\/?p=1304\"},\"author\":{\"name\":\"radiosrce\",\"@id\":\"http:\/\/srceinfo.rs\/#\/schema\/person\/9080136949ee60fd2db4c6eff35dd950\"},\"headline\":\"Specijalna projekcija filma \u201eSportsko srce\u201c uz gostovanje gluma\u010dke ekipe u Cineplexx Ni\u0161 bioskopu.\u00a0Petak, 13, mart od 19.30 \u010dasova\",\"datePublished\":\"2026-03-11T12:20:46+00:00\",\"dateModified\":\"2026-03-11T12:23:07+00:00\",\"mainEntityOfPage\":{\"@id\":\"https:\/\/srceinfo.rs\/?p=1304\"},\"wordCount\":219,\"commentCount\":0,\"image\":{\"@id\":\"https:\/\/srceinfo.rs\/?p=1304#primaryimage\"},\"thumbnailUrl\":\"https:\/\/srceinfo.rs\/wp-content\/uploads\/2026\/03\/Cineplexx-Nis-bioskop-2.jpg\",\"inLanguage\":\"en-US\",\"potentialAction\":[{\"@type\":\"CommentAction\",\"name\":\"Comment\",\"target\":[\"https:\/\/srceinfo.rs\/?p=1304#respond\"]}]},{\"@type\":\"WebPage\",\"@id\":\"https:\/\/srceinfo.rs\/?p=1304\",\"url\":\"https:\/\/srceinfo.rs\/?p=1304\",\"name\":\"Specijalna projekcija filma \u201eSportsko srce\u201c uz gostovanje gluma\u010dke ekipe u Cineplexx Ni\u0161 bioskopu.\u00a0Petak, 13, mart od 19.30 \u010dasova - Srce info\",\"isPartOf\":{\"@id\":\"http:\/\/srceinfo.rs\/#website\"},\"primaryImageOfPage\":{\"@id\":\"https:\/\/srceinfo.rs\/?p=1304#primaryimage\"},\"image\":{\"@id\":\"https:\/\/srceinfo.rs\/?p=1304#primaryimage\"},\"thumbnailUrl\":\"https:\/\/srceinfo.rs\/wp-content\/uploads\/2026\/03\/Cineplexx-Nis-bioskop-2.jpg\",\"datePublished\":\"2026-03-11T12:20:46+00:00\",\"dateModified\":\"2026-03-11T12:23:07+00:00\",\"author\":{\"@id\":\"http:\/\/srceinfo.rs\/#\/schema\/person\/9080136949ee60fd2db4c6eff35dd950\"},\"breadcrumb\":{\"@id\":\"https:\/\/srceinfo.rs\/?p=1304#breadcrumb\"},\"inLanguage\":\"en-US\",\"potentialAction\":[{\"@type\":\"ReadAction\",\"target\":[\"https:\/\/srceinfo.rs\/?p=1304\"]}]},{\"@type\":\"ImageObject\",\"inLanguage\":\"en-US\",\"@id\":\"https:\/\/srceinfo.rs\/?p=1304#primaryimage\",\"url\":\"https:\/\/srceinfo.rs\/wp-content\/uploads\/2026\/03\/Cineplexx-Nis-bioskop-2.jpg\",\"contentUrl\":\"https:\/\/srceinfo.rs\/wp-content\/uploads\/2026\/03\/Cineplexx-Nis-bioskop-2.jpg\",\"width\":1080,\"height\":1350},{\"@type\":\"BreadcrumbList\",\"@id\":\"https:\/\/srceinfo.rs\/?p=1304#breadcrumb\",\"itemListElement\":[{\"@type\":\"ListItem\",\"position\":1,\"name\":\"Home\",\"item\":\"http:\/\/srceinfo.rs\/\"},{\"@type\":\"ListItem\",\"position\":2,\"name\":\"Specijalna projekcija filma \u201eSportsko srce\u201c uz gostovanje gluma\u010dke ekipe u Cineplexx Ni\u0161 bioskopu.\u00a0Petak, 13, mart od 19.30 \u010dasova\"}]},{\"@type\":\"WebSite\",\"@id\":\"http:\/\/srceinfo.rs\/#website\",\"url\":\"http:\/\/srceinfo.rs\/\",\"name\":\"Srce info\",\"description\":\"Ansambl Srce\",\"potentialAction\":[{\"@type\":\"SearchAction\",\"target\":{\"@type\":\"EntryPoint\",\"urlTemplate\":\"http:\/\/srceinfo.rs\/?s={search_term_string}\"},\"query-input\":{\"@type\":\"PropertyValueSpecification\",\"valueRequired\":true,\"valueName\":\"search_term_string\"}}],\"inLanguage\":\"en-US\"},{\"@type\":\"Person\",\"@id\":\"http:\/\/srceinfo.rs\/#\/schema\/person\/9080136949ee60fd2db4c6eff35dd950\",\"name\":\"radiosrce\",\"image\":{\"@type\":\"ImageObject\",\"inLanguage\":\"en-US\",\"@id\":\"http:\/\/srceinfo.rs\/#\/schema\/person\/image\/\",\"url\":\"https:\/\/secure.gravatar.com\/avatar\/2e472bea52ba4673d0d54362770c5f16fabcda9b0ccc4eb33b707ad12d962d0e?s=96&d=mm&r=g\",\"contentUrl\":\"https:\/\/secure.gravatar.com\/avatar\/2e472bea52ba4673d0d54362770c5f16fabcda9b0ccc4eb33b707ad12d962d0e?s=96&d=mm&r=g\",\"caption\":\"radiosrce\"},\"sameAs\":[\"http:\/\/srceinfo.rs\"],\"url\":\"https:\/\/srceinfo.rs\/?author=1\"}]}<\/script>\n<!-- \/ Yoast SEO plugin. -->","yoast_head_json":{"title":"Specijalna projekcija filma \u201eSportsko srce\u201c uz gostovanje gluma\u010dke ekipe u Cineplexx Ni\u0161 bioskopu.\u00a0Petak, 13, mart od 19.30 \u010dasova - Srce info","robots":{"index":"index","follow":"follow","max-snippet":"max-snippet:-1","max-image-preview":"max-image-preview:large","max-video-preview":"max-video-preview:-1"},"canonical":"https:\/\/srceinfo.rs\/?p=1304","og_locale":"en_US","og_type":"article","og_title":"Specijalna projekcija filma \u201eSportsko srce\u201c uz gostovanje gluma\u010dke ekipe u Cineplexx Ni\u0161 bioskopu.\u00a0Petak, 13, mart od 19.30 \u010dasova - Srce info","og_description":"\u00a0U petak, 13. marta u 19.30 \u010dasova, u bioskopu Cineplexx u Ni\u0161u bi\u0107e odr\u017eana specijalna projekcija filma \u201eSportsko srce\u201c, uz prisustvo gluma\u010dke ekipe koja \u0107e se nakon projekcije predstaviti publici. \u00a0 Publika \u0107e ima\u0107e priliku da me\u0111u prvima pogleda ovu emotivnu komedija o sudaru dva nespojiva sveta kroz generacijski jaz [&hellip;]","og_url":"https:\/\/srceinfo.rs\/?p=1304","og_site_name":"Srce info","article_published_time":"2026-03-11T12:20:46+00:00","article_modified_time":"2026-03-11T12:23:07+00:00","og_image":[{"width":1080,"height":1350,"url":"https:\/\/srceinfo.rs\/wp-content\/uploads\/2026\/03\/Cineplexx-Nis-bioskop-2.jpg","type":"image\/jpeg"}],"author":"radiosrce","twitter_card":"summary_large_image","twitter_misc":{"Written by":"radiosrce","Est. reading time":"2 minutes"},"schema":{"@context":"https:\/\/schema.org","@graph":[{"@type":"Article","@id":"https:\/\/srceinfo.rs\/?p=1304#article","isPartOf":{"@id":"https:\/\/srceinfo.rs\/?p=1304"},"author":{"name":"radiosrce","@id":"http:\/\/srceinfo.rs\/#\/schema\/person\/9080136949ee60fd2db4c6eff35dd950"},"headline":"Specijalna projekcija filma \u201eSportsko srce\u201c uz gostovanje gluma\u010dke ekipe u Cineplexx Ni\u0161 bioskopu.\u00a0Petak, 13, mart od 19.30 \u010dasova","datePublished":"2026-03-11T12:20:46+00:00","dateModified":"2026-03-11T12:23:07+00:00","mainEntityOfPage":{"@id":"https:\/\/srceinfo.rs\/?p=1304"},"wordCount":219,"commentCount":0,"image":{"@id":"https:\/\/srceinfo.rs\/?p=1304#primaryimage"},"thumbnailUrl":"https:\/\/srceinfo.rs\/wp-content\/uploads\/2026\/03\/Cineplexx-Nis-bioskop-2.jpg","inLanguage":"en-US","potentialAction":[{"@type":"CommentAction","name":"Comment","target":["https:\/\/srceinfo.rs\/?p=1304#respond"]}]},{"@type":"WebPage","@id":"https:\/\/srceinfo.rs\/?p=1304","url":"https:\/\/srceinfo.rs\/?p=1304","name":"Specijalna projekcija filma \u201eSportsko srce\u201c uz gostovanje gluma\u010dke ekipe u Cineplexx Ni\u0161 bioskopu.\u00a0Petak, 13, mart od 19.30 \u010dasova - Srce info","isPartOf":{"@id":"http:\/\/srceinfo.rs\/#website"},"primaryImageOfPage":{"@id":"https:\/\/srceinfo.rs\/?p=1304#primaryimage"},"image":{"@id":"https:\/\/srceinfo.rs\/?p=1304#primaryimage"},"thumbnailUrl":"https:\/\/srceinfo.rs\/wp-content\/uploads\/2026\/03\/Cineplexx-Nis-bioskop-2.jpg","datePublished":"2026-03-11T12:20:46+00:00","dateModified":"2026-03-11T12:23:07+00:00","author":{"@id":"http:\/\/srceinfo.rs\/#\/schema\/person\/9080136949ee60fd2db4c6eff35dd950"},"breadcrumb":{"@id":"https:\/\/srceinfo.rs\/?p=1304#breadcrumb"},"inLanguage":"en-US","potentialAction":[{"@type":"ReadAction","target":["https:\/\/srceinfo.rs\/?p=1304"]}]},{"@type":"ImageObject","inLanguage":"en-US","@id":"https:\/\/srceinfo.rs\/?p=1304#primaryimage","url":"https:\/\/srceinfo.rs\/wp-content\/uploads\/2026\/03\/Cineplexx-Nis-bioskop-2.jpg","contentUrl":"https:\/\/srceinfo.rs\/wp-content\/uploads\/2026\/03\/Cineplexx-Nis-bioskop-2.jpg","width":1080,"height":1350},{"@type":"BreadcrumbList","@id":"https:\/\/srceinfo.rs\/?p=1304#breadcrumb","itemListElement":[{"@type":"ListItem","position":1,"name":"Home","item":"http:\/\/srceinfo.rs\/"},{"@type":"ListItem","position":2,"name":"Specijalna projekcija filma \u201eSportsko srce\u201c uz gostovanje gluma\u010dke ekipe u Cineplexx Ni\u0161 bioskopu.\u00a0Petak, 13, mart od 19.30 \u010dasova"}]},{"@type":"WebSite","@id":"http:\/\/srceinfo.rs\/#website","url":"http:\/\/srceinfo.rs\/","name":"Srce info","description":"Ansambl Srce","potentialAction":[{"@type":"SearchAction","target":{"@type":"EntryPoint","urlTemplate":"http:\/\/srceinfo.rs\/?s={search_term_string}"},"query-input":{"@type":"PropertyValueSpecification","valueRequired":true,"valueName":"search_term_string"}}],"inLanguage":"en-US"},{"@type":"Person","@id":"http:\/\/srceinfo.rs\/#\/schema\/person\/9080136949ee60fd2db4c6eff35dd950","name":"radiosrce","image":{"@type":"ImageObject","inLanguage":"en-US","@id":"http:\/\/srceinfo.rs\/#\/schema\/person\/image\/","url":"https:\/\/secure.gravatar.com\/avatar\/2e472bea52ba4673d0d54362770c5f16fabcda9b0ccc4eb33b707ad12d962d0e?s=96&d=mm&r=g","contentUrl":"https:\/\/secure.gravatar.com\/avatar\/2e472bea52ba4673d0d54362770c5f16fabcda9b0ccc4eb33b707ad12d962d0e?s=96&d=mm&r=g","caption":"radiosrce"},"sameAs":["http:\/\/srceinfo.rs"],"url":"https:\/\/srceinfo.rs\/?author=1"}]}},"_links":{"self":[{"href":"https:\/\/srceinfo.rs\/index.php?rest_route=\/wp\/v2\/posts\/1304","targetHints":{"allow":["GET"]}}],"collection":[{"href":"https:\/\/srceinfo.rs\/index.php?rest_route=\/wp\/v2\/posts"}],"about":[{"href":"https:\/\/srceinfo.rs\/index.php?rest_route=\/wp\/v2\/types\/post"}],"author":[{"embeddable":true,"href":"https:\/\/srceinfo.rs\/index.php?rest_route=\/wp\/v2\/users\/1"}],"replies":[{"embeddable":true,"href":"https:\/\/srceinfo.rs\/index.php?rest_route=%2Fwp%2Fv2%2Fcomments&post=1304"}],"version-history":[{"count":2,"href":"https:\/\/srceinfo.rs\/index.php?rest_route=\/wp\/v2\/posts\/1304\/revisions"}],"predecessor-version":[{"id":1308,"href":"https:\/\/srceinfo.rs\/index.php?rest_route=\/wp\/v2\/posts\/1304\/revisions\/1308"}],"wp:featuredmedia":[{"embeddable":true,"href":"https:\/\/srceinfo.rs\/index.php?rest_route=\/wp\/v2\/media\/1305"}],"wp:attachment":[{"href":"https:\/\/srceinfo.rs\/index.php?rest_route=%2Fwp%2Fv2%2Fmedia&parent=1304"}],"wp:term":[{"taxonomy":"category","embeddable":true,"href":"https:\/\/srceinfo.rs\/index.php?rest_route=%2Fwp%2Fv2%2Fcategories&post=1304"},{"taxonomy":"post_tag","embeddable":true,"href":"https:\/\/srceinfo.rs\/index.php?rest_route=%2Fwp%2Fv2%2Ftags&post=1304"}],"curies":[{"name":"wp","href":"https:\/\/api.w.org\/{rel}","templated":true}]}}